{"id":106,"date":"2016-08-28T15:48:03","date_gmt":"2016-08-28T14:48:03","guid":{"rendered":"http:\/\/www.huripari.com\/?p=106"},"modified":"2026-01-31T18:25:32","modified_gmt":"2026-01-31T17:25:32","slug":"333-millones-de-ninos-refugiados-y-desplazados-el-record-de-la-verguenza","status":"publish","type":"post","link":"https:\/\/www.huripari.com\/index.php\/2016\/08\/28\/333-millones-de-ninos-refugiados-y-desplazados-el-record-de-la-verguenza\/","title":{"rendered":"33,3 millones de ni\u00f1os refugiados y desplazados."},"content":{"rendered":"<p>Hola trones!<\/p>\n<p>Hoy quisiera abordar el tema de los refugiados al que me he vuelto a enfrentar al encontrar esta infograf\u00eda que comparto con vosotros y que, con datos del 2015, nos arroja a la cara los <strong>65,3 millones de refugiados y desplazados<\/strong> que hay en el mundo, de los que <strong>m\u00e1s de la mitad son ni\u00f1os<\/strong>.<\/p>\n<p>&nbsp;<\/p>\n<p><img loading=\"lazy\" decoding=\"async\" class=\"alignnone wp-image-107 size-full\" src=\"https:\/\/www.huripari.com\/wp-content\/uploads\/2016\/08\/image-2.jpeg\" alt=\"image\" width=\"1024\" height=\"916\" srcset=\"https:\/\/www.huripari.com\/wp-content\/uploads\/2016\/08\/image-2.jpeg 1024w, https:\/\/www.huripari.com\/wp-content\/uploads\/2016\/08\/image-2-300x268.jpeg 300w, https:\/\/www.huripari.com\/wp-content\/uploads\/2016\/08\/image-2-768x687.jpeg 768w\" sizes=\"auto, (max-width: 1024px) 100vw, 1024px\" \/><\/p>\n<p>\u00bfY por qu\u00e9 tantos ni\u00f1os? Parece l\u00f3gico pensar que, si los refugiados<!--more-->, en general, huyen de condiciones muy hostiles en las que impera un alto riesgo de muerte, los padres que ven a sus hijos tan vulnerables en ese entorno emprendan, con ellos, el duro camino del refugiado en busca de un ambiente m\u00e1s seguro. Y, seguramente, las vicisitudes de ese duro camino y las consecuencias de esas condiciones hostiles han provocado que <strong>98.400<\/strong> de esos ni\u00f1os est\u00e9n <strong>solos<\/strong> en su aventura.<\/p>\n<p>El llamado orden internacional es todo menos un orden; es m\u00e1s un equilibrio de grandes ego\u00edsmos que olvida los problemas minoritarios sin tener en cuenta que, para cada persona su problema es el m\u00e1s importante del universo. O\u00edmos hablar de las misiones humanitarias, de los mandatos de la ONU y de las intervenciones de la OTAN. Incluso, vemos, ahora, como Rusia y Turqu\u00eda intervienen en defensa de determinados intereses sin que tengamos claros cu\u00e1les.<\/p>\n<p>El resultado constante es que, en determinados puntos del planeta, siempre existen focos de conflicto en el que los m\u00e1s desfavorecidos sufren situaciones verdaderamente inhumanas que provocan verdaderos \u00e9xodos en los procesos de huida descontrolada de lo que, para ellos, son <strong>infiernos<\/strong>. Estos procesos crean acumulaciones de poblaci\u00f3n desfavorecida en naciones \u00abanfitrionas\u00bb, normalmente vecinas, que se encuentran al mismo nivel de desarrollo que las zonas en conflicto, bajo o muy bajo, y que, por tanto, no son capaces de dar la atenci\u00f3n necesaria a estos grandes grupos humanos que se organizan en <strong>campos de refugiados<\/strong>.<\/p>\n<p>Este descontrol en el proceso y esta falta de atenci\u00f3n en los asentamientos son la receta perfecta para el desarrollo del caos, el pillaje, la delincuencia y el abuso al <strong>imperar en ellos, como \u00fanico sistema organizativo, la anarqu\u00eda y, como \u00fanica ley, la del m\u00e1s fuerte<\/strong>, o sea, instintos de supervivencia b\u00e1sicos que convierten la soluci\u00f3n de la huida en un infierno peor que el que la origin\u00f3.<\/p>\n<p>Dejo pendiente abordar el tema de ACNUR para tratarlo cuando abordemos todo el tinglado de la ONU y sus agencias, un verdadero problema pol\u00edtico a nivel global en t\u00e9rminos de gasto e ineficiencia.<\/p>\n","protected":false},"excerpt":{"rendered":"<p>Hola trones! Hoy quisiera abordar el tema de los refugiados al que me he vuelto a enfrentar al encontrar esta infograf\u00eda que comparto con vosotros y que, con datos del 2015, nos arroja a la cara los 65,3 millones de refugiados y desplazados que hay en el mundo, de los que m\u00e1s de la mitad [&hellip;]<\/p>\n","protected":false},"author":1,"featured_media":0,"comment_status":"open","ping_status":"open","sticky":false,"template":"","format":"standard","meta":{"footnotes":""},"categories":[194],"tags":[56,60,51,59,61,55],"class_list":["post-106","post","type-post","status-publish","format-standard","hentry","category-blog","tag-acnur","tag-infierno","tag-infografia","tag-ninos","tag-onu","tag-refugiados"],"yoast_head":"<!-- This site is optimized with the Yoast SEO plugin v27.4 - https:\/\/yoast.com\/product\/yoast-seo-wordpress\/ -->\n<title>33,3 millones de ni\u00f1os refugiados y desplazados. - HURIPARI<\/title>\n<meta name=\"robots\" content=\"index, follow, max-snippet:-1, max-image-preview:large, max-video-preview:-1\" \/>\n<link rel=\"canonical\" href=\"https:\/\/www.huripari.com\/index.php\/2016\/08\/28\/333-millones-de-ninos-refugiados-y-desplazados-el-record-de-la-verguenza\/\" \/>\n<meta property=\"og:locale\" content=\"es_ES\" \/>\n<meta property=\"og:type\" content=\"article\" \/>\n<meta property=\"og:title\" content=\"33,3 millones de ni\u00f1os refugiados y desplazados. - HURIPARI\" \/>\n<meta property=\"og:description\" content=\"Hola trones! Hoy quisiera abordar el tema de los refugiados al que me he vuelto a enfrentar al encontrar esta infograf\u00eda que comparto con vosotros y que, con datos del 2015, nos arroja a la cara los 65,3 millones de refugiados y desplazados que hay en el mundo, de los que m\u00e1s de la mitad [&hellip;]\" \/>\n<meta property=\"og:url\" content=\"https:\/\/www.huripari.com\/index.php\/2016\/08\/28\/333-millones-de-ninos-refugiados-y-desplazados-el-record-de-la-verguenza\/\" \/>\n<meta property=\"og:site_name\" content=\"HURIPARI\" \/>\n<meta property=\"article:published_time\" content=\"2016-08-28T14:48:03+00:00\" \/>\n<meta property=\"article:modified_time\" content=\"2026-01-31T17:25:32+00:00\" \/>\n<meta property=\"og:image\" content=\"http:\/\/www.huripari.com\/wp-content\/uploads\/2016\/08\/image-2.jpeg\" \/>\n<meta name=\"author\" content=\"Miguel\" \/>\n<meta name=\"twitter:card\" content=\"summary_large_image\" \/>\n<meta name=\"twitter:label1\" content=\"Escrito por\" \/>\n\t<meta name=\"twitter:data1\" content=\"Miguel\" \/>\n\t<meta name=\"twitter:label2\" content=\"Tiempo de lectura\" \/>\n\t<meta name=\"twitter:data2\" content=\"2 minutos\" \/>\n<script type=\"application\/ld+json\" class=\"yoast-schema-graph\">{\"@context\":\"https:\\\/\\\/schema.org\",\"@graph\":[{\"@type\":\"Article\",\"@id\":\"https:\\\/\\\/www.huripari.com\\\/index.php\\\/2016\\\/08\\\/28\\\/333-millones-de-ninos-refugiados-y-desplazados-el-record-de-la-verguenza\\\/#article\",\"isPartOf\":{\"@id\":\"https:\\\/\\\/www.huripari.com\\\/index.php\\\/2016\\\/08\\\/28\\\/333-millones-de-ninos-refugiados-y-desplazados-el-record-de-la-verguenza\\\/\"},\"author\":{\"name\":\"Miguel\",\"@id\":\"https:\\\/\\\/www.huripari.com\\\/#\\\/schema\\\/person\\\/fbd51ad1825eec6a8a4e2148ad466f85\"},\"headline\":\"33,3 millones de ni\u00f1os refugiados y desplazados.\",\"datePublished\":\"2016-08-28T14:48:03+00:00\",\"dateModified\":\"2026-01-31T17:25:32+00:00\",\"mainEntityOfPage\":{\"@id\":\"https:\\\/\\\/www.huripari.com\\\/index.php\\\/2016\\\/08\\\/28\\\/333-millones-de-ninos-refugiados-y-desplazados-el-record-de-la-verguenza\\\/\"},\"wordCount\":439,\"commentCount\":0,\"image\":{\"@id\":\"https:\\\/\\\/www.huripari.com\\\/index.php\\\/2016\\\/08\\\/28\\\/333-millones-de-ninos-refugiados-y-desplazados-el-record-de-la-verguenza\\\/#primaryimage\"},\"thumbnailUrl\":\"http:\\\/\\\/www.huripari.com\\\/wp-content\\\/uploads\\\/2016\\\/08\\\/image-2.jpeg\",\"keywords\":[\"acnur\",\"infierno\",\"infograf\u00eda\",\"ni\u00f1os\",\"ONU\",\"refugiados\"],\"articleSection\":[\"Blog\"],\"inLanguage\":\"es\",\"potentialAction\":[{\"@type\":\"CommentAction\",\"name\":\"Comment\",\"target\":[\"https:\\\/\\\/www.huripari.com\\\/index.php\\\/2016\\\/08\\\/28\\\/333-millones-de-ninos-refugiados-y-desplazados-el-record-de-la-verguenza\\\/#respond\"]}]},{\"@type\":\"WebPage\",\"@id\":\"https:\\\/\\\/www.huripari.com\\\/index.php\\\/2016\\\/08\\\/28\\\/333-millones-de-ninos-refugiados-y-desplazados-el-record-de-la-verguenza\\\/\",\"url\":\"https:\\\/\\\/www.huripari.com\\\/index.php\\\/2016\\\/08\\\/28\\\/333-millones-de-ninos-refugiados-y-desplazados-el-record-de-la-verguenza\\\/\",\"name\":\"33,3 millones de ni\u00f1os refugiados y desplazados. - HURIPARI\",\"isPartOf\":{\"@id\":\"https:\\\/\\\/www.huripari.com\\\/#website\"},\"primaryImageOfPage\":{\"@id\":\"https:\\\/\\\/www.huripari.com\\\/index.php\\\/2016\\\/08\\\/28\\\/333-millones-de-ninos-refugiados-y-desplazados-el-record-de-la-verguenza\\\/#primaryimage\"},\"image\":{\"@id\":\"https:\\\/\\\/www.huripari.com\\\/index.php\\\/2016\\\/08\\\/28\\\/333-millones-de-ninos-refugiados-y-desplazados-el-record-de-la-verguenza\\\/#primaryimage\"},\"thumbnailUrl\":\"http:\\\/\\\/www.huripari.com\\\/wp-content\\\/uploads\\\/2016\\\/08\\\/image-2.jpeg\",\"datePublished\":\"2016-08-28T14:48:03+00:00\",\"dateModified\":\"2026-01-31T17:25:32+00:00\",\"author\":{\"@id\":\"https:\\\/\\\/www.huripari.com\\\/#\\\/schema\\\/person\\\/fbd51ad1825eec6a8a4e2148ad466f85\"},\"breadcrumb\":{\"@id\":\"https:\\\/\\\/www.huripari.com\\\/index.php\\\/2016\\\/08\\\/28\\\/333-millones-de-ninos-refugiados-y-desplazados-el-record-de-la-verguenza\\\/#breadcrumb\"},\"inLanguage\":\"es\",\"potentialAction\":[{\"@type\":\"ReadAction\",\"target\":[\"https:\\\/\\\/www.huripari.com\\\/index.php\\\/2016\\\/08\\\/28\\\/333-millones-de-ninos-refugiados-y-desplazados-el-record-de-la-verguenza\\\/\"]}]},{\"@type\":\"ImageObject\",\"inLanguage\":\"es\",\"@id\":\"https:\\\/\\\/www.huripari.com\\\/index.php\\\/2016\\\/08\\\/28\\\/333-millones-de-ninos-refugiados-y-desplazados-el-record-de-la-verguenza\\\/#primaryimage\",\"url\":\"http:\\\/\\\/www.huripari.com\\\/wp-content\\\/uploads\\\/2016\\\/08\\\/image-2.jpeg\",\"contentUrl\":\"http:\\\/\\\/www.huripari.com\\\/wp-content\\\/uploads\\\/2016\\\/08\\\/image-2.jpeg\"},{\"@type\":\"BreadcrumbList\",\"@id\":\"https:\\\/\\\/www.huripari.com\\\/index.php\\\/2016\\\/08\\\/28\\\/333-millones-de-ninos-refugiados-y-desplazados-el-record-de-la-verguenza\\\/#breadcrumb\",\"itemListElement\":[{\"@type\":\"ListItem\",\"position\":1,\"name\":\"Portada\",\"item\":\"https:\\\/\\\/www.huripari.com\\\/\"},{\"@type\":\"ListItem\",\"position\":2,\"name\":\"33,3 millones de ni\u00f1os refugiados y desplazados.\"}]},{\"@type\":\"WebSite\",\"@id\":\"https:\\\/\\\/www.huripari.com\\\/#website\",\"url\":\"https:\\\/\\\/www.huripari.com\\\/\",\"name\":\"Huripari\",\"description\":\"Building trust. Protecting minds\",\"potentialAction\":[{\"@type\":\"SearchAction\",\"target\":{\"@type\":\"EntryPoint\",\"urlTemplate\":\"https:\\\/\\\/www.huripari.com\\\/?s={search_term_string}\"},\"query-input\":{\"@type\":\"PropertyValueSpecification\",\"valueRequired\":true,\"valueName\":\"search_term_string\"}}],\"inLanguage\":\"es\"},{\"@type\":\"Person\",\"@id\":\"https:\\\/\\\/www.huripari.com\\\/#\\\/schema\\\/person\\\/fbd51ad1825eec6a8a4e2148ad466f85\",\"name\":\"Miguel\",\"sameAs\":[\"miguel_martinez_phd\",\"https:\\\/\\\/www.linkedin.com\\\/in\\\/miguel-a-martnez-alonso-phd-a14b705b?utm_source=share&utm_campaign=share_via&utm_content=profile&utm_medium=ios_app\"],\"url\":\"https:\\\/\\\/www.huripari.com\\\/index.php\\\/author\\\/miguel\\\/\"}]}<\/script>\n<!-- \/ Yoast SEO plugin. -->","yoast_head_json":{"title":"33,3 millones de ni\u00f1os refugiados y desplazados. - HURIPARI","robots":{"index":"index","follow":"follow","max-snippet":"max-snippet:-1","max-image-preview":"max-image-preview:large","max-video-preview":"max-video-preview:-1"},"canonical":"https:\/\/www.huripari.com\/index.php\/2016\/08\/28\/333-millones-de-ninos-refugiados-y-desplazados-el-record-de-la-verguenza\/","og_locale":"es_ES","og_type":"article","og_title":"33,3 millones de ni\u00f1os refugiados y desplazados. - HURIPARI","og_description":"Hola trones! Hoy quisiera abordar el tema de los refugiados al que me he vuelto a enfrentar al encontrar esta infograf\u00eda que comparto con vosotros y que, con datos del 2015, nos arroja a la cara los 65,3 millones de refugiados y desplazados que hay en el mundo, de los que m\u00e1s de la mitad [&hellip;]","og_url":"https:\/\/www.huripari.com\/index.php\/2016\/08\/28\/333-millones-de-ninos-refugiados-y-desplazados-el-record-de-la-verguenza\/","og_site_name":"HURIPARI","article_published_time":"2016-08-28T14:48:03+00:00","article_modified_time":"2026-01-31T17:25:32+00:00","og_image":[{"url":"http:\/\/www.huripari.com\/wp-content\/uploads\/2016\/08\/image-2.jpeg","type":"","width":"","height":""}],"author":"Miguel","twitter_card":"summary_large_image","twitter_misc":{"Escrito por":"Miguel","Tiempo de lectura":"2 minutos"},"schema":{"@context":"https:\/\/schema.org","@graph":[{"@type":"Article","@id":"https:\/\/www.huripari.com\/index.php\/2016\/08\/28\/333-millones-de-ninos-refugiados-y-desplazados-el-record-de-la-verguenza\/#article","isPartOf":{"@id":"https:\/\/www.huripari.com\/index.php\/2016\/08\/28\/333-millones-de-ninos-refugiados-y-desplazados-el-record-de-la-verguenza\/"},"author":{"name":"Miguel","@id":"https:\/\/www.huripari.com\/#\/schema\/person\/fbd51ad1825eec6a8a4e2148ad466f85"},"headline":"33,3 millones de ni\u00f1os refugiados y desplazados.","datePublished":"2016-08-28T14:48:03+00:00","dateModified":"2026-01-31T17:25:32+00:00","mainEntityOfPage":{"@id":"https:\/\/www.huripari.com\/index.php\/2016\/08\/28\/333-millones-de-ninos-refugiados-y-desplazados-el-record-de-la-verguenza\/"},"wordCount":439,"commentCount":0,"image":{"@id":"https:\/\/www.huripari.com\/index.php\/2016\/08\/28\/333-millones-de-ninos-refugiados-y-desplazados-el-record-de-la-verguenza\/#primaryimage"},"thumbnailUrl":"http:\/\/www.huripari.com\/wp-content\/uploads\/2016\/08\/image-2.jpeg","keywords":["acnur","infierno","infograf\u00eda","ni\u00f1os","ONU","refugiados"],"articleSection":["Blog"],"inLanguage":"es","potentialAction":[{"@type":"CommentAction","name":"Comment","target":["https:\/\/www.huripari.com\/index.php\/2016\/08\/28\/333-millones-de-ninos-refugiados-y-desplazados-el-record-de-la-verguenza\/#respond"]}]},{"@type":"WebPage","@id":"https:\/\/www.huripari.com\/index.php\/2016\/08\/28\/333-millones-de-ninos-refugiados-y-desplazados-el-record-de-la-verguenza\/","url":"https:\/\/www.huripari.com\/index.php\/2016\/08\/28\/333-millones-de-ninos-refugiados-y-desplazados-el-record-de-la-verguenza\/","name":"33,3 millones de ni\u00f1os refugiados y desplazados. - HURIPARI","isPartOf":{"@id":"https:\/\/www.huripari.com\/#website"},"primaryImageOfPage":{"@id":"https:\/\/www.huripari.com\/index.php\/2016\/08\/28\/333-millones-de-ninos-refugiados-y-desplazados-el-record-de-la-verguenza\/#primaryimage"},"image":{"@id":"https:\/\/www.huripari.com\/index.php\/2016\/08\/28\/333-millones-de-ninos-refugiados-y-desplazados-el-record-de-la-verguenza\/#primaryimage"},"thumbnailUrl":"http:\/\/www.huripari.com\/wp-content\/uploads\/2016\/08\/image-2.jpeg","datePublished":"2016-08-28T14:48:03+00:00","dateModified":"2026-01-31T17:25:32+00:00","author":{"@id":"https:\/\/www.huripari.com\/#\/schema\/person\/fbd51ad1825eec6a8a4e2148ad466f85"},"breadcrumb":{"@id":"https:\/\/www.huripari.com\/index.php\/2016\/08\/28\/333-millones-de-ninos-refugiados-y-desplazados-el-record-de-la-verguenza\/#breadcrumb"},"inLanguage":"es","potentialAction":[{"@type":"ReadAction","target":["https:\/\/www.huripari.com\/index.php\/2016\/08\/28\/333-millones-de-ninos-refugiados-y-desplazados-el-record-de-la-verguenza\/"]}]},{"@type":"ImageObject","inLanguage":"es","@id":"https:\/\/www.huripari.com\/index.php\/2016\/08\/28\/333-millones-de-ninos-refugiados-y-desplazados-el-record-de-la-verguenza\/#primaryimage","url":"http:\/\/www.huripari.com\/wp-content\/uploads\/2016\/08\/image-2.jpeg","contentUrl":"http:\/\/www.huripari.com\/wp-content\/uploads\/2016\/08\/image-2.jpeg"},{"@type":"BreadcrumbList","@id":"https:\/\/www.huripari.com\/index.php\/2016\/08\/28\/333-millones-de-ninos-refugiados-y-desplazados-el-record-de-la-verguenza\/#breadcrumb","itemListElement":[{"@type":"ListItem","position":1,"name":"Portada","item":"https:\/\/www.huripari.com\/"},{"@type":"ListItem","position":2,"name":"33,3 millones de ni\u00f1os refugiados y desplazados."}]},{"@type":"WebSite","@id":"https:\/\/www.huripari.com\/#website","url":"https:\/\/www.huripari.com\/","name":"Huripari","description":"Building trust. Protecting minds","potentialAction":[{"@type":"SearchAction","target":{"@type":"EntryPoint","urlTemplate":"https:\/\/www.huripari.com\/?s={search_term_string}"},"query-input":{"@type":"PropertyValueSpecification","valueRequired":true,"valueName":"search_term_string"}}],"inLanguage":"es"},{"@type":"Person","@id":"https:\/\/www.huripari.com\/#\/schema\/person\/fbd51ad1825eec6a8a4e2148ad466f85","name":"Miguel","sameAs":["miguel_martinez_phd","https:\/\/www.linkedin.com\/in\/miguel-a-martnez-alonso-phd-a14b705b?utm_source=share&utm_campaign=share_via&utm_content=profile&utm_medium=ios_app"],"url":"https:\/\/www.huripari.com\/index.php\/author\/miguel\/"}]}},"_links":{"self":[{"href":"https:\/\/www.huripari.com\/index.php\/wp-json\/wp\/v2\/posts\/106","targetHints":{"allow":["GET"]}}],"collection":[{"href":"https:\/\/www.huripari.com\/index.php\/wp-json\/wp\/v2\/posts"}],"about":[{"href":"https:\/\/www.huripari.com\/index.php\/wp-json\/wp\/v2\/types\/post"}],"author":[{"embeddable":true,"href":"https:\/\/www.huripari.com\/index.php\/wp-json\/wp\/v2\/users\/1"}],"replies":[{"embeddable":true,"href":"https:\/\/www.huripari.com\/index.php\/wp-json\/wp\/v2\/comments?post=106"}],"version-history":[{"count":8,"href":"https:\/\/www.huripari.com\/index.php\/wp-json\/wp\/v2\/posts\/106\/revisions"}],"predecessor-version":[{"id":133,"href":"https:\/\/www.huripari.com\/index.php\/wp-json\/wp\/v2\/posts\/106\/revisions\/133"}],"wp:attachment":[{"href":"https:\/\/www.huripari.com\/index.php\/wp-json\/wp\/v2\/media?parent=106"}],"wp:term":[{"taxonomy":"category","embeddable":true,"href":"https:\/\/www.huripari.com\/index.php\/wp-json\/wp\/v2\/categories?post=106"},{"taxonomy":"post_tag","embeddable":true,"href":"https:\/\/www.huripari.com\/index.php\/wp-json\/wp\/v2\/tags?post=106"}],"curies":[{"name":"wp","href":"https:\/\/api.w.org\/{rel}","templated":true}]}}